{"id":6268,"date":"2025-09-04T12:05:09","date_gmt":"2025-09-04T09:05:09","guid":{"rendered":"https:\/\/gepomay.fr\/?p=6268"},"modified":"2025-09-04T12:06:45","modified_gmt":"2025-09-04T09:06:45","slug":"matinee-de-decouverte-des-actions-de-gestion-du-lac-karihani","status":"publish","type":"post","link":"https:\/\/gepomay.fr\/index.php\/2025\/09\/04\/matinee-de-decouverte-des-actions-de-gestion-du-lac-karihani\/","title":{"rendered":"Matin\u00e9e de d\u00e9couverte des actions de gestion du Lac Karihani"},"content":{"rendered":"\t\t<div data-elementor-type=\"wp-post\" data-elementor-id=\"6268\" class=\"elementor elementor-6268\">\n\t\t\t\t<div class=\"elementor-element elementor-element-4184e83 e-flex e-con-boxed e-con e-parent\" data-id=\"4184e83\" data-element_type=\"container\">\n\t\t\t\t\t<div class=\"e-con-inner\">\n\t\t\t\t<div class=\"elementor-element elementor-element-8d43ad0 elementor-widget elementor-widget-text-editor\" data-id=\"8d43ad0\" data-element_type=\"widget\" data-widget_type=\"text-editor.default\">\n\t\t\t\t<div class=\"elementor-widget-container\">\n\t\t\t\t\t\t\t\t\t<p style=\"text-align: justify;\" data-start=\"373\" data-end=\"708\"><span style=\"color: #333333;\">Le <strong>samedi 27 septembre 2025<\/strong>, le GEPOMAY organise une matin\u00e9e de sensibilisation ouverte \u00e0 toutes et \u00e0 tous, d\u00e9di\u00e9e \u00e0 la d\u00e9couverte des actions de gestion mises en place au <strong data-start=\"507\" data-end=\"523\">Lac Karihani<\/strong>, unique lac naturel d&rsquo;eau douce de Mayotte. Cette journ\u00e9e s&rsquo;inscrit dans le cadre des actions de conservation et de valorisation men\u00e9es par le GEPOMAY, gestionnaire officiel du site.<\/span><\/p>\t\t\t\t\t\t\t\t<\/div>\n\t\t\t\t<\/div>\n\t\t\t\t\t<\/div>\n\t\t\t\t<\/div>\n\t\t<div class=\"elementor-element elementor-element-b8cbf7f e-flex e-con-boxed e-con e-parent\" data-id=\"b8cbf7f\" data-element_type=\"container\">\n\t\t\t\t\t<div class=\"e-con-inner\">\n\t\t\t\t<div class=\"elementor-element elementor-element-8b7bb1f elementor-widget elementor-widget-text-editor\" data-id=\"8b7bb1f\" data-element_type=\"widget\" data-widget_type=\"text-editor.default\">\n\t\t\t\t<div class=\"elementor-widget-container\">\n\t\t\t\t\t\t\t\t\t<h2 style=\"background-color: #0077aa; color: white; padding: 12px 20px; border-radius: 8px; font-size: 22px; font-family: Arial, sans-serif; width: fit-content; margin: 30px 0;\">\ud83d\udd58 D\u00e9roul\u00e9 de la matin\u00e9e :<\/h2>\t\t\t\t\t\t\t\t<\/div>\n\t\t\t\t<\/div>\n\t\t\t\t<div class=\"elementor-element elementor-element-981e060 elementor-widget elementor-widget-text-editor\" data-id=\"981e060\" data-element_type=\"widget\" data-widget_type=\"text-editor.default\">\n\t\t\t\t<div class=\"elementor-widget-container\">\n\t\t\t\t\t\t\t\t\t<div style=\"background-color: #e6f4f9; padding: 13px 40px; border-left: 6px solid #0077aa; border-radius: 8px; margin-bottom: 20px;\">\n<h2 style=\"color: #0077aa; font-size: 20px; margin: 0;\">\ud83d\udd0d Sortie naturaliste guid\u00e9e \u2013 de 9h \u00e0 10h (sur inscription uniquement)<\/h2>\n<\/div>\t\t\t\t\t\t\t\t<\/div>\n\t\t\t\t<\/div>\n\t\t\t\t<div class=\"elementor-element elementor-element-2a8898a elementor-widget elementor-widget-text-editor\" data-id=\"2a8898a\" data-element_type=\"widget\" data-widget_type=\"text-editor.default\">\n\t\t\t\t<div class=\"elementor-widget-container\">\n\t\t\t\t\t\t\t\t\t<p style=\"text-align: justify;\"><span style=\"color: #333333;\">La matin\u00e9e d\u00e9butera par une <strong>visite naturaliste du site de 9h \u00e0 10h<\/strong>, offrant aux participants l\u2019opportunit\u00e9 d\u2019explorer la riche biodiversit\u00e9 pr\u00e9sente sur le site du <strong>Lac Karihani<\/strong>. Cette sortie permettra l\u2019observation de <strong>l\u2019avifaune<\/strong> et de <strong>l\u2019herp\u00e9tofaune<\/strong> locales dans leur habitat naturel.<\/span><\/p>\n<p style=\"text-align: center;\"><span style=\"color: #333333;\">L&rsquo;inscription \u00e0 la sortie est obligatoire :\u00a0<\/span><a style=\"background-color: #0077aa; color: white; padding: 12px 28px; font-size: 18px; font-weight: bold; border-radius: 6px; text-decoration: none; display: inline-block; box-shadow: 0 4px 8px rgba(0, 119, 170, 0.4); transition: background-color 0.3s ease;\" href=\"https:\/\/www.helloasso.com\/associations\/gepomay\/evenements\/decouverte-des-actions-de-gestion-lac-karihani-27-septembre-2025-1\" target=\"_blank\" rel=\"noopener\">Inscription\n<\/a><\/p>\t\t\t\t\t\t\t\t<\/div>\n\t\t\t\t<\/div>\n\t\t\t\t<div class=\"elementor-element elementor-element-58ead81 elementor-widget elementor-widget-spacer\" data-id=\"58ead81\" data-element_type=\"widget\" data-widget_type=\"spacer.default\">\n\t\t\t\t<div class=\"elementor-widget-container\">\n\t\t\t\t\t\t\t<div class=\"elementor-spacer\">\n\t\t\t<div class=\"elementor-spacer-inner\"><\/div>\n\t\t<\/div>\n\t\t\t\t\t\t<\/div>\n\t\t\t\t<\/div>\n\t\t\t\t\t<\/div>\n\t\t\t\t<\/div>\n\t\t<div class=\"elementor-element elementor-element-56c16d5 e-flex e-con-boxed e-con e-parent\" data-id=\"56c16d5\" data-element_type=\"container\">\n\t\t\t\t\t<div class=\"e-con-inner\">\n\t\t\t\t<div class=\"elementor-element elementor-element-131b37f elementor-widget elementor-widget-text-editor\" data-id=\"131b37f\" data-element_type=\"widget\" data-widget_type=\"text-editor.default\">\n\t\t\t\t<div class=\"elementor-widget-container\">\n\t\t\t\t\t\t\t\t\t<div style=\"background-color: #e6f4f9; padding: 13px 40px; border-left: 6px solid #0077aa; border-radius: 8px; margin-bottom: 20px;\">\n<h2 style=\"color: #0077aa; font-size: 20px; margin: 0;\">\ud83c\udfa5 Projection du documentaire \u201cOutremers : Terres d\u2019actions\u201d \u2013 \u00e0 la MJC de Mroal\u00e9<\/h2>\n<\/div>\t\t\t\t\t\t\t\t<\/div>\n\t\t\t\t<\/div>\n\t\t\t\t<div class=\"elementor-element elementor-element-310ccdb elementor-widget elementor-widget-text-editor\" data-id=\"310ccdb\" data-element_type=\"widget\" data-widget_type=\"text-editor.default\">\n\t\t\t\t<div class=\"elementor-widget-container\">\n\t\t\t\t\t\t\t\t\t<span style=\"color: #333333;\">\u00c0 l\u2019issue de la sortie, l\u2019\u00e9v\u00e9nement se poursuivra \u00e0 la <strong>MJC de Mroal\u00e9<\/strong> avec la projection du documentaire <em>\u201cOutremers : Terres d\u2019actions\u201d<\/em>, r\u00e9alis\u00e9 par la Fondation Albioma. Ce film met en lumi\u00e8re les actions de pr\u00e9servation de la biodiversit\u00e9 men\u00e9es dans plusieurs territoires ultramarins : Mayotte, La R\u00e9union, Guyane, Guadeloupe et Martinique<\/span><span style=\"color: #333333; font-size: 12pt;\">.<\/span>\n\n<span style=\"color: #333333;\">\u00c0 travers des t\u00e9moignages et initiatives locales, le documentaire valorise l&rsquo;engagement des acteurs de terrain en abordant les th\u00e8mes de la\u00a0biodiversit\u00e9, l&rsquo;insertion professionnelle et la\u00a0coh\u00e9sion territoriale<\/span><span style=\"color: #333333; font-size: 12pt;\">.<\/span>\t\t\t\t\t\t\t\t<\/div>\n\t\t\t\t<\/div>\n\t\t\t\t<div class=\"elementor-element elementor-element-0a31006 elementor-widget elementor-widget-spacer\" data-id=\"0a31006\" data-element_type=\"widget\" data-widget_type=\"spacer.default\">\n\t\t\t\t<div class=\"elementor-widget-container\">\n\t\t\t\t\t\t\t<div class=\"elementor-spacer\">\n\t\t\t<div class=\"elementor-spacer-inner\"><\/div>\n\t\t<\/div>\n\t\t\t\t\t\t<\/div>\n\t\t\t\t<\/div>\n\t\t\t\t\t<\/div>\n\t\t\t\t<\/div>\n\t\t<div class=\"elementor-element elementor-element-1a843cf e-flex e-con-boxed e-con e-parent\" data-id=\"1a843cf\" data-element_type=\"container\">\n\t\t\t\t\t<div class=\"e-con-inner\">\n\t\t\t\t<div class=\"elementor-element elementor-element-d99cf9c elementor-widget elementor-widget-text-editor\" data-id=\"d99cf9c\" data-element_type=\"widget\" data-widget_type=\"text-editor.default\">\n\t\t\t\t<div class=\"elementor-widget-container\">\n\t\t\t\t\t\t\t\t\t<div style=\"background-color: #e6f4f9; padding: 13px 40px; border-left: 6px solid #0077aa; border-radius: 8px; margin-bottom: 20px;\">\n<h2 style=\"color: #0077aa; font-size: 20px; margin: 0;\">\ud83c\udf3f Stands de sensibilisation \u2013 de 9h \u00e0 12h \u00e0 la MJC de Mroal\u00e9<\/h2>\n<\/div>\t\t\t\t\t\t\t\t<\/div>\n\t\t\t\t<\/div>\n\t\t\t\t<div class=\"elementor-element elementor-element-00e5499 elementor-widget elementor-widget-text-editor\" data-id=\"00e5499\" data-element_type=\"widget\" data-widget_type=\"text-editor.default\">\n\t\t\t\t<div class=\"elementor-widget-container\">\n\t\t\t\t\t\t\t\t\t<p style=\"text-align: justify;\"><span style=\"color: #333333;\">Des <strong>stands p\u00e9dagogiques<\/strong> seront accessibles librement toute la matin\u00e9e \u00e0 la MJC de Mroal\u00e9. Ces animations visent \u00e0 approfondir les connaissances sur la biodiversit\u00e9 de proximit\u00e9, \u00e0 travers :<\/span><\/p>\n\n<ul>\n \t<li style=\"list-style-type: none;\">\n<ul>\n \t<li><span style=\"color: #333333;\">un stand portant sur l&rsquo;identification des esp\u00e8ces d&rsquo;oiseaux et de reptiles du site,\u00a0<\/span><\/li>\n \t<li><span style=\"color: #333333;\">un stand tri des d\u00e9chets,\u00a0<\/span><\/li>\n \t<li><span style=\"color: #333333;\">des ateliers de fabrication de nichoirs en bois.<\/span><\/li>\n<\/ul>\n<\/li>\n<\/ul>\t\t\t\t\t\t\t\t<\/div>\n\t\t\t\t<\/div>\n\t\t\t\t<div class=\"elementor-element elementor-element-75ff822 elementor-widget elementor-widget-spacer\" data-id=\"75ff822\" data-element_type=\"widget\" data-widget_type=\"spacer.default\">\n\t\t\t\t<div class=\"elementor-widget-container\">\n\t\t\t\t\t\t\t<div class=\"elementor-spacer\">\n\t\t\t<div class=\"elementor-spacer-inner\"><\/div>\n\t\t<\/div>\n\t\t\t\t\t\t<\/div>\n\t\t\t\t<\/div>\n\t\t\t\t\t<\/div>\n\t\t\t\t<\/div>\n\t\t<div class=\"elementor-element elementor-element-86e71bf e-flex e-con-boxed e-con e-parent\" data-id=\"86e71bf\" data-element_type=\"container\">\n\t\t\t\t\t<div class=\"e-con-inner\">\n\t\t\t\t<div class=\"elementor-element elementor-element-3f6d10a elementor-widget elementor-widget-text-editor\" data-id=\"3f6d10a\" data-element_type=\"widget\" data-widget_type=\"text-editor.default\">\n\t\t\t\t<div class=\"elementor-widget-container\">\n\t\t\t\t\t\t\t\t\t<div style=\"background-color: #e6f4f9; padding: 13px 40px; border-left: 6px solid #0077aa; border-radius: 8px; margin-bottom: 20px;\">\n<h2 style=\"color: #0077aa; font-size: 20px; margin: 0;\">\ud83c\udfb6 Cl\u00f4ture musicale avec KL Officiel<\/h2>\n<\/div>\t\t\t\t\t\t\t\t<\/div>\n\t\t\t\t<\/div>\n\t\t\t\t<div class=\"elementor-element elementor-element-5256df2 elementor-widget elementor-widget-text-editor\" data-id=\"5256df2\" data-element_type=\"widget\" data-widget_type=\"text-editor.default\">\n\t\t\t\t<div class=\"elementor-widget-container\">\n\t\t\t\t\t\t\t\t\t<p style=\"text-align: justify;\"><span style=\"color: #333333;\">Pour conclure cette matin\u00e9e, une prestation musicale de <strong>KL Officiel<\/strong>, artiste mahorais et alternant au sein du GEPOMAY, viendra cl\u00f4turer l\u2019\u00e9v\u00e9nement.<\/span><\/p>\t\t\t\t\t\t\t\t<\/div>\n\t\t\t\t<\/div>\n\t\t\t\t<div class=\"elementor-element elementor-element-15a0870 elementor-widget elementor-widget-text-editor\" data-id=\"15a0870\" data-element_type=\"widget\" data-widget_type=\"text-editor.default\">\n\t\t\t\t<div class=\"elementor-widget-container\">\n\t\t\t\t\t\t\t\t\t<!-- \ud83d\udd35 ENCADR\u00c9 BLEU : Dernier bloc mis en valeur -->\n<div style=\"background-color: #d4ecfa; border-left: 6px solid #0077aa; padding: 20px 25px; border-radius: 10px; margin-top: 40px;\">\n<h2 style=\"color: #1e3f66; font-size: 22px; margin-bottom: 10px;\">\ud83d\udce3 Le GEPOMAY vous attend nombreuses et nombreux !<\/h2>\n<p style=\"font-size: 16px; line-height: 1.6; color: #1e3f66;\">\u27a1\ufe0f <strong>Participez \u00e0 cette journ\u00e9e ouverte \u00e0 toutes et \u00e0 tous :<\/strong><\/p>\n\n<ul style=\"margin-top: 10px; padding-left: 20px;\">\n \t<li><span style=\"font-size: 12pt; color: #2d5572;\"><strong>\u00c0 la visite naturaliste<\/strong> (inscription obligatoire \u2013 nombre de places limit\u00e9),<\/span><\/li>\n \t<li><span style=\"font-size: 12pt; color: #2d5572;\"><strong>Aux animations et projections \u00e0 la MJC de Mroal\u00e9<\/strong>, en acc\u00e8s libre et gratuit de 9h \u00e0 12h.<\/span><\/li>\n<\/ul>\n<p style=\"font-size: 16px; line-height: 1.6; color: #1e3f66;\">Venez d\u00e9couvrir le seul lac naturel d&rsquo;eau douce de l&rsquo;\u00eele, rencontrer les \u00e9quipes du GEPOMAY, et participer \u00e0 une action collective pour la pr\u00e9servation de la biodiversit\u00e9 de notre \u00eele.<\/p>\n\n<\/div>\t\t\t\t\t\t\t\t<\/div>\n\t\t\t\t<\/div>\n\t\t\t\t<div class=\"elementor-element elementor-element-c6df0d0 elementor-widget elementor-widget-text-editor\" data-id=\"c6df0d0\" data-element_type=\"widget\" data-widget_type=\"text-editor.default\">\n\t\t\t\t<div class=\"elementor-widget-container\">\n\t\t\t\t\t\t\t\t\t<div style=\"display: flex; gap: 20px; flex-wrap: wrap; width: 100%;\">\n\n  <div style=\"flex: 1;\">\n    <img decoding=\"async\" \n      src=\"https:\/\/gepomay.fr\/wp-content\/uploads\/2025\/09\/RRSS-p1.png\" \n      alt=\"Affiche 1 - GEPOMAY\" \n      style=\"width: 100%; height: auto; border-radius: 8px; box-shadow: 0 4px 12px rgba(0,0,0,0.1);\" \n      loading=\"lazy\" \/>\n  <\/div>\n\n  <div style=\"flex: 1;\">\n    <img decoding=\"async\" \n      src=\"https:\/\/gepomay.fr\/wp-content\/uploads\/2025\/09\/RRSS-pgrm-2.png\" \n      alt=\"Affiche 2 - GEPOMAY\" \n      style=\"width: 100%; height: auto; border-radius: 8px; box-shadow: 0 4px 12px rgba(0,0,0,0.1);\" \n      loading=\"lazy\" \/>\n  <\/div>\n\n<\/div>\n\t\t\t\t\t\t\t\t<\/div>\n\t\t\t\t<\/div>\n\t\t\t\t<div class=\"elementor-element elementor-element-d981af8 elementor-widget elementor-widget-spacer\" data-id=\"d981af8\" data-element_type=\"widget\" data-widget_type=\"spacer.default\">\n\t\t\t\t<div class=\"elementor-widget-container\">\n\t\t\t\t\t\t\t<div class=\"elementor-spacer\">\n\t\t\t<div class=\"elementor-spacer-inner\"><\/div>\n\t\t<\/div>\n\t\t\t\t\t\t<\/div>\n\t\t\t\t<\/div>\n\t\t\t\t\t<\/div>\n\t\t\t\t<\/div>\n\t\t\t\t<\/div>\n\t\t","protected":false},"excerpt":{"rendered":"<p>Le samedi 27 septembre 2025, le GEPOMAY organise une matin\u00e9e de sensibilisation ouverte \u00e0 toutes et \u00e0 tous, d\u00e9di\u00e9e \u00e0 la d\u00e9couverte des actions de gestion mises en place au Lac Karihani, unique lac naturel d&rsquo;eau douce de Mayotte. Cette journ\u00e9e s&rsquo;inscrit dans le cadre des actions de conservation et de valorisation men\u00e9es par le &hellip; <\/p>\n<p class=\"link-more\"><a href=\"https:\/\/gepomay.fr\/index.php\/2025\/09\/04\/matinee-de-decouverte-des-actions-de-gestion-du-lac-karihani\/\" class=\"more-link\">Lire la suite de<span class=\"screen-reader-text\">\u00ab\u00a0Matin\u00e9e de d\u00e9couverte des actions de gestion du Lac Karihani\u00a0\u00bb<\/span><\/a><\/p>\n","protected":false},"author":1,"featured_media":0,"comment_status":"closed","ping_status":"open","sticky":false,"template":"","format":"standard","meta":{"footnotes":""},"categories":[2],"tags":[],"_links":{"self":[{"href":"https:\/\/gepomay.fr\/index.php\/wp-json\/wp\/v2\/posts\/6268"}],"collection":[{"href":"https:\/\/gepomay.fr\/index.php\/wp-json\/wp\/v2\/posts"}],"about":[{"href":"https:\/\/gepomay.fr\/index.php\/wp-json\/wp\/v2\/types\/post"}],"author":[{"embeddable":true,"href":"https:\/\/gepomay.fr\/index.php\/wp-json\/wp\/v2\/users\/1"}],"replies":[{"embeddable":true,"href":"https:\/\/gepomay.fr\/index.php\/wp-json\/wp\/v2\/comments?post=6268"}],"version-history":[{"count":4,"href":"https:\/\/gepomay.fr\/index.php\/wp-json\/wp\/v2\/posts\/6268\/revisions"}],"predecessor-version":[{"id":6273,"href":"https:\/\/gepomay.fr\/index.php\/wp-json\/wp\/v2\/posts\/6268\/revisions\/6273"}],"wp:attachment":[{"href":"https:\/\/gepomay.fr\/index.php\/wp-json\/wp\/v2\/media?parent=6268"}],"wp:term":[{"taxonomy":"category","embeddable":true,"href":"https:\/\/gepomay.fr\/index.php\/wp-json\/wp\/v2\/categories?post=6268"},{"taxonomy":"post_tag","embeddable":true,"href":"https:\/\/gepomay.fr\/index.php\/wp-json\/wp\/v2\/tags?post=6268"}],"curies":[{"name":"wp","href":"https:\/\/api.w.org\/{rel}","templated":true}]}}