{"id":5306,"date":"2025-05-06T15:30:53","date_gmt":"2025-05-06T12:30:53","guid":{"rendered":"https:\/\/gepomay.fr\/?p=5306"},"modified":"2025-05-07T10:17:47","modified_gmt":"2025-05-07T07:17:47","slug":"le-reptile-du-mois-la-cameleon-de-mayotte","status":"publish","type":"post","link":"https:\/\/gepomay.fr\/index.php\/2025\/05\/06\/le-reptile-du-mois-la-cameleon-de-mayotte\/","title":{"rendered":"Le reptile du mois &#8211; La Cam\u00e9l\u00e9on de Mayotte"},"content":{"rendered":"\t\t<div data-elementor-type=\"wp-post\" data-elementor-id=\"5306\" class=\"elementor elementor-5306\">\n\t\t\t\t<div class=\"elementor-element elementor-element-bd8128e e-flex e-con-boxed e-con e-parent\" data-id=\"bd8128e\" data-element_type=\"container\">\n\t\t\t\t\t<div class=\"e-con-inner\">\n\t\t\t\t<div class=\"elementor-element elementor-element-8d7d4c7 elementor-widget elementor-widget-image\" data-id=\"8d7d4c7\" data-element_type=\"widget\" data-widget_type=\"image.default\">\n\t\t\t\t<div class=\"elementor-widget-container\">\n\t\t\t\t\t\t\t\t\t\t\t\t<figure class=\"wp-caption\">\n\t\t\t\t\t\t\t\t\t\t<img fetchpriority=\"high\" decoding=\"async\" width=\"768\" height=\"576\" src=\"https:\/\/gepomay.fr\/wp-content\/uploads\/2025\/05\/P1010002-scaled.jpg\" class=\"attachment-medium_large size-medium_large wp-image-5308\" alt=\"\" srcset=\"https:\/\/gepomay.fr\/wp-content\/uploads\/2025\/05\/P1010002-scaled.jpg 2560w, https:\/\/gepomay.fr\/wp-content\/uploads\/2025\/05\/P1010002-300x225.jpg 300w, https:\/\/gepomay.fr\/wp-content\/uploads\/2025\/05\/P1010002-1024x768.jpg 1024w, https:\/\/gepomay.fr\/wp-content\/uploads\/2025\/05\/P1010002-2000x1500.jpg 2000w, https:\/\/gepomay.fr\/wp-content\/uploads\/2025\/05\/P1010002-scaled-1536x1152.jpg 1536w, https:\/\/gepomay.fr\/wp-content\/uploads\/2025\/05\/P1010002-scaled-2048x1536.jpg 2048w\" sizes=\"100vw\" \/>\t\t\t\t\t\t\t\t\t\t\t<figcaption class=\"widget-image-caption wp-caption-text\">\u00a9Thomas Ferrari<\/figcaption>\n\t\t\t\t\t\t\t\t\t\t<\/figure>\n\t\t\t\t\t\t\t\t\t<\/div>\n\t\t\t\t<\/div>\n\t\t\t\t\t<\/div>\n\t\t\t\t<\/div>\n\t\t<div class=\"elementor-element elementor-element-7dafaac e-flex e-con-boxed e-con e-parent\" data-id=\"7dafaac\" data-element_type=\"container\">\n\t\t\t\t\t<div class=\"e-con-inner\">\n\t\t\t\t<div class=\"elementor-element elementor-element-1a2cdac elementor-widget elementor-widget-text-editor\" data-id=\"1a2cdac\" data-element_type=\"widget\" data-widget_type=\"text-editor.default\">\n\t\t\t\t<div class=\"elementor-widget-container\">\n\t\t\t\t\t\t\t\t\t<div style=\"background-color: #7caacb; color: white; padding: 9px 0; border-radius: 50px; text-align: center; margin-bottom: 20px; width: 100%; box-sizing: border-box;\">\n<h2 style=\"font-size: 22px; margin: 0; color: #ffffff; font-weight: bold;\">Connaissez-vous le seul Cam\u00e9l\u00e9on de Mayotte ?\n<\/h2>\n<\/div>\t\t\t\t\t\t\t\t<\/div>\n\t\t\t\t<\/div>\n\t\t\t\t<div class=\"elementor-element elementor-element-c0216f8 elementor-widget elementor-widget-text-editor\" data-id=\"c0216f8\" data-element_type=\"widget\" data-widget_type=\"text-editor.default\">\n\t\t\t\t<div class=\"elementor-widget-container\">\n\t\t\t\t\t\t\t\t\t<p style=\"font-size: 18px; line-height: 1.6; color: #2d5572;\"><span style=\"font-kerning: none; color: #000000; font-family: georgia, palatino, serif;\">Le\u00a0<span style=\"font-weight: 600;\">Cam\u00e9l\u00e9on de Mayotte<\/span>\u00a0est un reptile diurne mesurant entre 15 et 20 cm de long. Sa coloration verte lui permet de se camoufler ais\u00e9ment dans la v\u00e9g\u00e9tation, il est donc difficilement observable de jour. Cependant, vous aurez plus de facilit\u00e9 \u00e0 l\u2019observer de nuit lorsqu\u2019il dort au bout des branches.<\/span><\/p><p style=\"color: #090909; font-family: Verdana, sans-serif; font-size: 0.75rem; letter-spacing: 0px; text-align: justify;\"><span style=\"font-kerning: none; font-family: georgia, palatino, serif; font-size: 14pt;\">Contrairement aux id\u00e9es re\u00e7ues, il ne change pas de couleur en fonction de leur support mais pour communiquer entre eux.<\/span><\/p><div><span style=\"font-size: 14pt; letter-spacing: 0px; color: #090909; font-family: georgia, palatino, serif; text-align: justify;\">Son r\u00e9gime alimentaire se compose principalement d&rsquo;insectes (criquets, sauterelles, mouches) qu&rsquo;il capture gr\u00e2ce \u00e0 sa langue projet\u00e9e \u00e0 grande vitesse. Son mode de chasse est particuli\u00e8rement efficace, l&rsquo;animal s&rsquo;immobilisant avant de lancer sa langue visqueuse avec pr\u00e9cision pour attraper sa proie.<\/span><\/div><div>\u00a0<\/div><div><span style=\"font-size: 14pt; letter-spacing: 0px; color: #090909; font-family: georgia, palatino, serif; text-align: justify;\">Le Cam\u00e9l\u00e9on de Mayotte vit principalement dans les feuillages denses des for\u00eats de l&rsquo;\u00eele. Mais il est \u00e9galement observable en milieu urbain, vous pouvez ainsi avoir la chance de l\u2019observer dans votre jardin. Ouvrez l\u2019\u0153il !<\/span><\/div><div style=\"color: #090909; font-family: Verdana, sans-serif; font-size: 12px;\">\u00a0<\/div>\t\t\t\t\t\t\t\t<\/div>\n\t\t\t\t<\/div>\n\t\t\t\t\t<\/div>\n\t\t\t\t<\/div>\n\t\t<div class=\"elementor-element elementor-element-3ddf777 e-flex e-con-boxed e-con e-parent\" data-id=\"3ddf777\" data-element_type=\"container\">\n\t\t\t\t\t<div class=\"e-con-inner\">\n\t\t\t\t<div class=\"elementor-element elementor-element-8cfc378 elementor-widget elementor-widget-text-editor\" data-id=\"8cfc378\" data-element_type=\"widget\" data-widget_type=\"text-editor.default\">\n\t\t\t\t<div class=\"elementor-widget-container\">\n\t\t\t\t\t\t\t\t\t<div style=\"display: flex; justify-content: center; margin: 2rem 0;\"><div style=\"background-color: #7caacb; border-radius: 12px; padding: 24px; font-family: Georgia, serif; font-size: 16px; color: #000000; line-height: 1.8; max-width: 600px; text-align: left;\"><div style=\"font-size: 20px; font-weight: bold; margin-bottom: 12px; text-align: center;\">\ud83d\udca1 Le saviez-vous ?<\/div><ul style=\"margin: 0; padding-left: 20px;\"><li>C\u2019est une esp\u00e8ce ovipare qui pond 6 \u00e0 12 \u0153ufs par ponte.<\/li><li><span style=\"white-space-collapse: preserve;\">Cette esp\u00e8ce est prot\u00e9g\u00e9e par l&rsquo;arr\u00eat\u00e9 pr\u00e9fectoral du 7 ao\u00fbt 2000, dont les dispositions ont \u00e9t\u00e9 actualis\u00e9es par l&rsquo;arr\u00eat\u00e9 pr\u00e9fectoral n\u00b0361 de 2018<\/span>.<\/li><\/ul><\/div><\/div>\t\t\t\t\t\t\t\t<\/div>\n\t\t\t\t<\/div>\n\t\t\t\t<div class=\"elementor-element elementor-element-c8cc778 elementor-widget elementor-widget-image\" data-id=\"c8cc778\" data-element_type=\"widget\" data-widget_type=\"image.default\">\n\t\t\t\t<div class=\"elementor-widget-container\">\n\t\t\t\t\t\t\t\t\t\t\t\t\t\t\t<img decoding=\"async\" width=\"940\" height=\"788\" src=\"https:\/\/gepomay.fr\/wp-content\/uploads\/2025\/05\/Cameleon-de-Mayotte-1.png\" class=\"attachment-large size-large wp-image-5318\" alt=\"\" srcset=\"https:\/\/gepomay.fr\/wp-content\/uploads\/2025\/05\/Cameleon-de-Mayotte-1.png 940w, https:\/\/gepomay.fr\/wp-content\/uploads\/2025\/05\/Cameleon-de-Mayotte-1-300x251.png 300w\" sizes=\"100vw\" \/>\t\t\t\t\t\t\t\t\t\t\t\t\t\t\t<\/div>\n\t\t\t\t<\/div>\n\t\t\t\t\t<\/div>\n\t\t\t\t<\/div>\n\t\t<div class=\"elementor-element elementor-element-ea254dc e-flex e-con-boxed e-con e-parent\" data-id=\"ea254dc\" data-element_type=\"container\">\n\t\t\t\t\t<div class=\"e-con-inner\">\n\t\t\t\t<div class=\"elementor-element elementor-element-cc5190c elementor-widget-divider--view-line elementor-widget elementor-widget-divider\" data-id=\"cc5190c\" data-element_type=\"widget\" data-widget_type=\"divider.default\">\n\t\t\t\t<div class=\"elementor-widget-container\">\n\t\t\t\t\t\t\t<div class=\"elementor-divider\">\n\t\t\t<span class=\"elementor-divider-separator\">\n\t\t\t\t\t\t<\/span>\n\t\t<\/div>\n\t\t\t\t\t\t<\/div>\n\t\t\t\t<\/div>\n\t\t\t\t\t<\/div>\n\t\t\t\t<\/div>\n\t\t\t\t<\/div>\n\t\t","protected":false},"excerpt":{"rendered":"<p>\u00a9Thomas Ferrari Connaissez-vous le seul Cam\u00e9l\u00e9on de Mayotte ? Le\u00a0Cam\u00e9l\u00e9on de Mayotte\u00a0est un reptile diurne mesurant entre 15 et 20 cm de long. Sa coloration verte lui permet de se camoufler ais\u00e9ment dans la v\u00e9g\u00e9tation, il est donc difficilement observable de jour. Cependant, vous aurez plus de facilit\u00e9 \u00e0 l\u2019observer de nuit lorsqu\u2019il dort au &hellip; <\/p>\n<p class=\"link-more\"><a href=\"https:\/\/gepomay.fr\/index.php\/2025\/05\/06\/le-reptile-du-mois-la-cameleon-de-mayotte\/\" class=\"more-link\">Lire la suite de<span class=\"screen-reader-text\">\u00ab\u00a0Le reptile du mois &#8211; La Cam\u00e9l\u00e9on de Mayotte\u00a0\u00bb<\/span><\/a><\/p>\n","protected":false},"author":1,"featured_media":0,"comment_status":"closed","ping_status":"open","sticky":false,"template":"","format":"standard","meta":{"footnotes":""},"categories":[2],"tags":[],"_links":{"self":[{"href":"https:\/\/gepomay.fr\/index.php\/wp-json\/wp\/v2\/posts\/5306"}],"collection":[{"href":"https:\/\/gepomay.fr\/index.php\/wp-json\/wp\/v2\/posts"}],"about":[{"href":"https:\/\/gepomay.fr\/index.php\/wp-json\/wp\/v2\/types\/post"}],"author":[{"embeddable":true,"href":"https:\/\/gepomay.fr\/index.php\/wp-json\/wp\/v2\/users\/1"}],"replies":[{"embeddable":true,"href":"https:\/\/gepomay.fr\/index.php\/wp-json\/wp\/v2\/comments?post=5306"}],"version-history":[{"count":10,"href":"https:\/\/gepomay.fr\/index.php\/wp-json\/wp\/v2\/posts\/5306\/revisions"}],"predecessor-version":[{"id":5329,"href":"https:\/\/gepomay.fr\/index.php\/wp-json\/wp\/v2\/posts\/5306\/revisions\/5329"}],"wp:attachment":[{"href":"https:\/\/gepomay.fr\/index.php\/wp-json\/wp\/v2\/media?parent=5306"}],"wp:term":[{"taxonomy":"category","embeddable":true,"href":"https:\/\/gepomay.fr\/index.php\/wp-json\/wp\/v2\/categories?post=5306"},{"taxonomy":"post_tag","embeddable":true,"href":"https:\/\/gepomay.fr\/index.php\/wp-json\/wp\/v2\/tags?post=5306"}],"curies":[{"name":"wp","href":"https:\/\/api.w.org\/{rel}","templated":true}]}}