{"id":5006,"date":"2025-03-11T12:53:52","date_gmt":"2025-03-11T09:53:52","guid":{"rendered":"https:\/\/gepomay.fr\/?p=5006"},"modified":"2025-03-11T12:58:20","modified_gmt":"2025-03-11T09:58:20","slug":"retour-sur-la-reunion-publique-de-presentation-de-larriere-mangrove-de-la-baie-de-boueni-16-02-2025","status":"publish","type":"post","link":"https:\/\/gepomay.fr\/index.php\/2025\/03\/11\/retour-sur-la-reunion-publique-de-presentation-de-larriere-mangrove-de-la-baie-de-boueni-16-02-2025\/","title":{"rendered":"Retour sur la r\u00e9union publique de pr\u00e9sentation de l&rsquo;arri\u00e8re-mangrove de la Baie de Bou\u00e9ni &#8211; 16\/02\/2025"},"content":{"rendered":"\t\t<div data-elementor-type=\"wp-post\" data-elementor-id=\"5006\" class=\"elementor elementor-5006\">\n\t\t\t\t<div class=\"elementor-element elementor-element-9dfca4f e-flex e-con-boxed e-con e-parent\" data-id=\"9dfca4f\" data-element_type=\"container\">\n\t\t\t\t\t<div class=\"e-con-inner\">\n\t\t\t\t<div class=\"elementor-element elementor-element-45a63ab elementor-widget elementor-widget-image\" data-id=\"45a63ab\" data-element_type=\"widget\" data-widget_type=\"image.default\">\n\t\t\t\t<div class=\"elementor-widget-container\">\n\t\t\t\t\t\t\t\t\t\t\t\t<figure class=\"wp-caption\">\n\t\t\t\t\t\t\t\t\t\t<img fetchpriority=\"high\" decoding=\"async\" width=\"950\" height=\"320\" src=\"https:\/\/gepomay.fr\/wp-content\/uploads\/2025\/03\/Photo-reu-publique-2-scaled-950x320.jpg\" class=\"attachment-inspiro-loop size-inspiro-loop wp-image-5009\" alt=\"\" srcset=\"https:\/\/gepomay.fr\/wp-content\/uploads\/2025\/03\/Photo-reu-publique-2-scaled-950x320.jpg 950w, https:\/\/gepomay.fr\/wp-content\/uploads\/2025\/03\/Photo-reu-publique-2-scaled-1900x640.jpg 1900w\" sizes=\"100vw\" \/>\t\t\t\t\t\t\t\t\t\t\t<figcaption class=\"widget-image-caption wp-caption-text\">R\u00e9union publique - 16 f\u00e9vrier 2025 - GEPOMAY<\/figcaption>\n\t\t\t\t\t\t\t\t\t\t<\/figure>\n\t\t\t\t\t\t\t\t\t<\/div>\n\t\t\t\t<\/div>\n\t\t\t\t<div class=\"elementor-element elementor-element-6b5bad1 elementor-widget elementor-widget-text-editor\" data-id=\"6b5bad1\" data-element_type=\"widget\" data-widget_type=\"text-editor.default\">\n\t\t\t\t<div class=\"elementor-widget-container\">\n\t\t\t\t\t\t\t\t\t<div><div style=\"line-height: 1.4; direction: ltr; text-align: justify; margin-left: 0px;\"><span style=\"font-size: 14pt; color: #000000; letter-spacing: 0em;\">Le <strong>dimanche 16 f\u00e9vrier 2025<\/strong>, le GEPOMAY a anim\u00e9 une r\u00e9union publique au p\u00f4le culturel de Chirongui afin de pr\u00e9senter et de sensibiliser la population de Mayotte \u00e0 l\u2019importance de la pr\u00e9servation et de la protection de l\u2019arri\u00e8re-mangrove de la Baie de Bou\u00e9ni. <\/span><\/div><div style=\"line-height: 1.4; direction: ltr; text-align: justify; margin-left: 0px;\"><span style=\"font-size: 14pt; color: #000000; letter-spacing: 0em;\">\u00a0<\/span><\/div><div style=\"line-height: 1.4; direction: ltr; text-align: justify; margin-left: 0px;\"><span style=\"font-size: 14pt; color: #000000; letter-spacing: 0em;\">Le GEPOMAY est gestionnaire de 23 hectares de site du Conservatoire du Littoral entre Malamani, Mir\u00e9r\u00e9ni et Poraoni, dont une partie de la for\u00eat d\u2019arri\u00e8re-mangrove et des prairies humides. L&rsquo;objectif de l&rsquo;association est de restaurer et de pr\u00e9server ce site tout en engageant une gestion concert\u00e9e avec les riverains, les agriculteurs et les partenaires locaux. <\/span><\/div><div style=\"line-height: 1.4; direction: ltr; text-align: justify; margin-left: 0px;\"><span style=\"font-size: 14pt; color: #000000; letter-spacing: 0em;\">\u00a0<\/span><\/div><div style=\"line-height: 1.4; direction: ltr; text-align: justify; margin-left: 0px;\"><span style=\"font-size: 14pt; color: #000000; letter-spacing: 0em;\">Les arri\u00e8re-mangroves, qui ne subsistent qu\u2019\u00e0 l\u2019\u00e9tat de reliques et dont le d\u00e9clin est continu, sont \u00e9valu\u00e9es en danger critique d\u2019effondrement selon l\u2019UICN. Elles font fasse \u00e0 une perte de leur \u00e9tendue, de leur qualit\u00e9 environnementale et de leurs interactions biotiques. Elles subissent des pressions multiples, notamment des pollutions diffuses issues de l\u2019agriculture et d\u2019un d\u00e9faut d\u2019assainissement des eaux pluviales et urbaines, ainsi que des d\u00e9chets m\u00e9nagers non biod\u00e9gradables (plastiques, pneus) venant des terres ou amen\u00e9s par la mar\u00e9e. Elles sont \u00e9galement affect\u00e9es par le d\u00e9frichement par le p\u00e2turage des z\u00e9bus, le pr\u00e9l\u00e8vement de bois, les travaux de remblaiement, l\u2019urbanisation du littoral et l\u2019augmentation des surfaces agricoles. <\/span><\/div><div style=\"line-height: 1.4; direction: ltr; text-align: justify; margin-left: 0px;\"><span style=\"font-size: 14pt; color: #000000; letter-spacing: 0em;\">\u00a0<\/span><\/div><div style=\"line-height: 1.4; direction: ltr; text-align: justify; margin-left: 0px;\"><span style=\"font-size: 14pt; color: #000000; letter-spacing: 0em;\">Tel est le cas de la for\u00eat d\u2019arri\u00e8re-mangrove de la Baie de Bou\u00e9ni, qui dispara\u00eet progressivement en raison de l\u2019agriculture. L&rsquo;expansion des plantations de bananiers y contribue en acidifiant le sol et en l\u2019ass\u00e9chant. <\/span><\/div><div style=\"line-height: 1.4; direction: ltr; text-align: justify; margin-left: 0px;\"><span style=\"font-size: 14pt; color: #000000; letter-spacing: 0em;\">De plus, les mangroves et arri\u00e8re-mangroves rendent des services \u00e9cosyst\u00e9miques importants, notamment en prot\u00e9geant les c\u00f4tes contre l\u2019\u00e9rosion et l\u2019envasement. Elles jouent \u00e9galement un r\u00f4le dans la r\u00e9duction des impacts des conditions m\u00e9t\u00e9orologiques extr\u00eames, telles que les temp\u00eates et les cyclones, en agissant comme boucliers naturels. En filtrant les s\u00e9diments et en stabilisant les sols, elles aident \u00e0 maintenir la qualit\u00e9 de l\u2019eau et la biodiversit\u00e9 locale, tout en fournissant des habitats pour de nombreuses esp\u00e8ces marines et terrestres.<\/span><\/div><div style=\"line-height: 1.4; direction: ltr; text-align: justify; margin-left: 0px;\"><span style=\"font-size: 14pt; color: #000000; letter-spacing: 0em;\">\u00a0<\/span><\/div><div style=\"line-height: 1.4; direction: ltr; text-align: justify; margin-left: 0px;\"><span style=\"font-size: 14pt; color: #000000; letter-spacing: 0em;\">Le GEPOMAY a donc pour mission de sensibiliser et d\u2019informer les populations locales \u00e0 la n\u00e9cessit\u00e9 de prot\u00e9ger cet \u00e9cosyst\u00e8me, essentiel \u00e0 la vie de nombreuses esp\u00e8ces, tant animales que v\u00e9g\u00e9tales car constituant un lieu d\u2019alimentation et de reproduction. Mais \u00e9galement de mettre en \u0153uvre des actions de pr\u00e9servation et de conservation de ces milieux naturels tels que :<\/span><ul style=\"margin-top: 20px; margin-bottom: 20px; padding-left: 20px;\"><li style=\"font-size: 14pt; color: #000000; letter-spacing: 0em; line-height: 1.6;\">L\u2019arrachage des esp\u00e8ces v\u00e9g\u00e9tales exotiques envahissantes (EVEE) afin de pr\u00e9venir la fermeture des prairies humides et de favoriser le d\u00e9veloppement des esp\u00e8ces indig\u00e8nes.<\/li><li style=\"font-size: 14pt; color: #000000; letter-spacing: 0em; line-height: 1.6;\">La plantation d\u2019esp\u00e8ces v\u00e9g\u00e9tales locales adapt\u00e9es aux conditions du milieu naturel, contribuant ainsi \u00e0 maintenir la biodiversit\u00e9.<\/li><li style=\"font-size: 14pt; color: #000000; letter-spacing: 0em; line-height: 1.6;\">La sensibilisation du public sur l\u2019importance de ne pas arracher les plantes ni de pratiquer les br\u00fblis, afin de prot\u00e9ger l\u2019\u00e9quilibre \u00e9cologique.<\/li><li style=\"font-size: 14pt; color: #000000; letter-spacing: 0em; line-height: 1.6;\">La r\u00e9alisation de suivis avifaunistiques et botaniques pour identifier et surveiller les menaces pesant sur le site et adapter les actions de gestion en cons\u00e9quence.<\/li><\/ul><\/div><\/div>\t\t\t\t\t\t\t\t<\/div>\n\t\t\t\t<\/div>\n\t\t\t\t<div class=\"elementor-element elementor-element-4a10838 elementor-widget elementor-widget-image\" data-id=\"4a10838\" data-element_type=\"widget\" data-widget_type=\"image.default\">\n\t\t\t\t<div class=\"elementor-widget-container\">\n\t\t\t\t\t\t\t\t\t\t\t\t<figure class=\"wp-caption\">\n\t\t\t\t\t\t\t\t\t\t<img decoding=\"async\" width=\"2000\" height=\"2666\" src=\"https:\/\/gepomay.fr\/wp-content\/uploads\/2025\/03\/photo-reu-publique-scaled-2000x2666.jpg\" class=\"attachment-inspiro-featured-image size-inspiro-featured-image wp-image-5008\" alt=\"\" srcset=\"https:\/\/gepomay.fr\/wp-content\/uploads\/2025\/03\/photo-reu-publique-scaled-2000x2666.jpg 2000w, https:\/\/gepomay.fr\/wp-content\/uploads\/2025\/03\/photo-reu-publique-scaled-225x300.jpg 225w, https:\/\/gepomay.fr\/wp-content\/uploads\/2025\/03\/photo-reu-publique-scaled-768x1024.jpg 768w, https:\/\/gepomay.fr\/wp-content\/uploads\/2025\/03\/photo-reu-publique-scaled.jpg 1920w\" sizes=\"100vw\" \/>\t\t\t\t\t\t\t\t\t\t\t<figcaption class=\"widget-image-caption wp-caption-text\">Pr\u00e9sentation de l'arri\u00e8re-mangrove de la Baie de Bou\u00e9ni<\/figcaption>\n\t\t\t\t\t\t\t\t\t\t<\/figure>\n\t\t\t\t\t\t\t\t\t<\/div>\n\t\t\t\t<\/div>\n\t\t\t\t\t<\/div>\n\t\t\t\t<\/div>\n\t\t\t\t<\/div>\n\t\t","protected":false},"excerpt":{"rendered":"<p>R\u00e9union publique &#8211; 16 f\u00e9vrier 2025 &#8211; GEPOMAY Le dimanche 16 f\u00e9vrier 2025, le GEPOMAY a anim\u00e9 une r\u00e9union publique au p\u00f4le culturel de Chirongui afin de pr\u00e9senter et de sensibiliser la population de Mayotte \u00e0 l\u2019importance de la pr\u00e9servation et de la protection de l\u2019arri\u00e8re-mangrove de la Baie de Bou\u00e9ni. \u00a0Le GEPOMAY est gestionnaire &hellip; <\/p>\n<p class=\"link-more\"><a href=\"https:\/\/gepomay.fr\/index.php\/2025\/03\/11\/retour-sur-la-reunion-publique-de-presentation-de-larriere-mangrove-de-la-baie-de-boueni-16-02-2025\/\" class=\"more-link\">Lire la suite de<span class=\"screen-reader-text\">\u00ab\u00a0Retour sur la r\u00e9union publique de pr\u00e9sentation de l&rsquo;arri\u00e8re-mangrove de la Baie de Bou\u00e9ni &#8211; 16\/02\/2025\u00a0\u00bb<\/span><\/a><\/p>\n","protected":false},"author":1,"featured_media":0,"comment_status":"closed","ping_status":"open","sticky":false,"template":"","format":"standard","meta":{"footnotes":""},"categories":[2],"tags":[],"_links":{"self":[{"href":"https:\/\/gepomay.fr\/index.php\/wp-json\/wp\/v2\/posts\/5006"}],"collection":[{"href":"https:\/\/gepomay.fr\/index.php\/wp-json\/wp\/v2\/posts"}],"about":[{"href":"https:\/\/gepomay.fr\/index.php\/wp-json\/wp\/v2\/types\/post"}],"author":[{"embeddable":true,"href":"https:\/\/gepomay.fr\/index.php\/wp-json\/wp\/v2\/users\/1"}],"replies":[{"embeddable":true,"href":"https:\/\/gepomay.fr\/index.php\/wp-json\/wp\/v2\/comments?post=5006"}],"version-history":[{"count":4,"href":"https:\/\/gepomay.fr\/index.php\/wp-json\/wp\/v2\/posts\/5006\/revisions"}],"predecessor-version":[{"id":5012,"href":"https:\/\/gepomay.fr\/index.php\/wp-json\/wp\/v2\/posts\/5006\/revisions\/5012"}],"wp:attachment":[{"href":"https:\/\/gepomay.fr\/index.php\/wp-json\/wp\/v2\/media?parent=5006"}],"wp:term":[{"taxonomy":"category","embeddable":true,"href":"https:\/\/gepomay.fr\/index.php\/wp-json\/wp\/v2\/categories?post=5006"},{"taxonomy":"post_tag","embeddable":true,"href":"https:\/\/gepomay.fr\/index.php\/wp-json\/wp\/v2\/tags?post=5006"}],"curies":[{"name":"wp","href":"https:\/\/api.w.org\/{rel}","templated":true}]}}