{"id":3954,"date":"2023-05-12T14:26:04","date_gmt":"2023-05-12T11:26:04","guid":{"rendered":"https:\/\/gepomay.fr\/?p=3954"},"modified":"2023-05-12T15:54:13","modified_gmt":"2023-05-12T12:54:13","slug":"loiseau-du-mois-la-tourterelle-peinte","status":"publish","type":"post","link":"https:\/\/gepomay.fr\/index.php\/2023\/05\/12\/loiseau-du-mois-la-tourterelle-peinte\/","title":{"rendered":"L&rsquo;oiseau du mois : la Tourterelle peinte"},"content":{"rendered":"\n<p style=\"text-align: justify; text-justify: inter-ideograph; background: white; vertical-align: baseline; margin: 7.5pt 0cm 0cm 0cm;\"><span style=\"font-family: 'Open Sans',sans-serif; color: black; background: white;\">La Tourterelle peinte est \u00e9galement connue sous le nom du Pigeon de Madagascar&nbsp;: indig\u00e8ne des \u00eeles de l\u2019Oc\u00e9an Indien, de Madagascar aux Seychelles, Amirantes, \u00eeles \u00e9parses et Comores\u2026 Cette esp\u00e8ce est naturellement divis\u00e9e en plusieurs sous-esp\u00e8ces et sa classification est donc assez compliqu\u00e9e. \u00c0 Mayotte, on l\u2019appelle la Tourterelle peinte et elle correspond \u00e0 la sous-esp\u00e8ce <i>Nesoenas picturatus comorensis.<\/i><\/span><\/p>\n\n\n\n<figure class=\"wp-block-gallery has-nested-images columns-default is-cropped wp-block-gallery-1 is-layout-flex wp-block-gallery-is-layout-flex\">\n<figure class=\"wp-block-image size-large\"><img decoding=\"async\" data-id=\"3956\" src=\"https:\/\/gepomay.fr\/wp-content\/uploads\/2023\/05\/DSE_0039-Quentin-Esnault-01-1024x684.jpeg\" alt=\"\" class=\"wp-image-3956\"\/><figcaption>\u00a9 Quentin Esnault &#8211; GEPOMAY<\/figcaption><\/figure>\n\n\n\n<figure class=\"wp-block-image size-large\"><img fetchpriority=\"high\" decoding=\"async\" width=\"1024\" height=\"683\" data-id=\"3955\" src=\"https:\/\/gepomay.fr\/wp-content\/uploads\/2023\/05\/Yannick-Stephan-15-01-1024x683.jpeg\" alt=\"\" class=\"wp-image-3955\" srcset=\"https:\/\/gepomay.fr\/wp-content\/uploads\/2023\/05\/Yannick-Stephan-15-01-1024x683.jpeg 1024w, https:\/\/gepomay.fr\/wp-content\/uploads\/2023\/05\/Yannick-Stephan-15-01-300x200.jpeg 300w, https:\/\/gepomay.fr\/wp-content\/uploads\/2023\/05\/Yannick-Stephan-15-01-2000x1333.jpeg 2000w\" sizes=\"(max-width: 1024px) 100vw, 1024px\" \/><figcaption>\u00a9 Yannick Stephan<\/figcaption><\/figure>\n<\/figure>\n\n\n\n<p style=\"text-align: justify; text-justify: inter-ideograph; background: white; vertical-align: baseline; margin: 7.5pt 0cm 0cm 0cm;\"><span style=\"font-family: 'Open Sans',sans-serif; color: black; background: white;\">De loin, cet oiseau para\u00eet de couleurs gris\u00e2tre et bordeaux. On peut n\u00e9anmoins d\u00e9tailler cette description. Le dos \u00e9volue du gris-marron au niveau de la nuque au violet fonc\u00e9 rouge\u00e2tre au niveau des ailes. Les plumes de la queue sont plut\u00f4t grises aux extr\u00e9mit\u00e9s blanches. La poitrine est d\u2019une couleur gris-mauve clair qui s\u2019\u00e9claircit vers le ventre. Le dessous des ailes appara\u00eet gris p\u00e2le en vol. Les pattes sont longues et rouges, le bec est rouge violac\u00e9 \u00e0 la base et gris \u00e0 la pointe. Enfin, ses yeux sont notables, avec une iris brune cercl\u00e9e de rouge et une pupille ovale.<\/span><\/p>\n<p>&nbsp;<\/p>\n\n\n\n<div class=\"wp-block-media-text alignwide is-stacked-on-mobile\"><figure class=\"wp-block-media-text__media\"><img decoding=\"async\" width=\"1024\" height=\"769\" src=\"https:\/\/gepomay.fr\/wp-content\/uploads\/2023\/05\/Yannick-Stephan-6-01-1024x769.jpeg\" alt=\"\" class=\"wp-image-3958 size-full\" srcset=\"https:\/\/gepomay.fr\/wp-content\/uploads\/2023\/05\/Yannick-Stephan-6-01-1024x769.jpeg 1024w, https:\/\/gepomay.fr\/wp-content\/uploads\/2023\/05\/Yannick-Stephan-6-01-300x225.jpeg 300w, https:\/\/gepomay.fr\/wp-content\/uploads\/2023\/05\/Yannick-Stephan-6-01-2000x1502.jpeg 2000w\" sizes=\"(max-width: 1024px) 100vw, 1024px\" \/><\/figure><div class=\"wp-block-media-text__content\">\n<p class=\"has-small-font-size\">La Tourterelle peinte s\u2019observe dans une grande diversit\u00e9 d\u2019habitats. Elle fr\u00e9quente les for\u00eats, y compris d\u00e9grad\u00e9es, les zones buissonnantes, les cultures et fourr\u00e9s des milieux ouverts. On la retrouve du niveau de la mer jusqu\u2019\u00e0 2000m d\u2019altitude. Majoritairement au sol, sur un couvert clairsem\u00e9, elle se nourrit principalement de graines mais peut aussi consommer des fruits tomb\u00e9s et de petits insectes.<\/p>\n\n\n\n<p><\/p>\n\n\n\n<p>\u00a9 Yannick Stephan<\/p>\n<\/div><\/div>\n\n\n\n<p style=\"text-align: justify; text-justify: inter-ideograph; background: white; vertical-align: baseline; margin: 7.5pt 0cm 0cm 0cm;\"><span style=\"font-family: 'Open Sans',sans-serif; color: black; background: white;\">Cette esp\u00e8ce est s\u00e9dentaire et plut\u00f4t solitaire : on peut l\u2019observer en couple et plus rarement en petits rassemblements. Ses longues pattes lui permettent de voler habilement et puissamment. Il est ainsi probable qu\u2019elle voyage d\u2019une \u00eele \u00e0 une autre, alors les hybridations avec d\u2019autres sous-esp\u00e8ces sont possibles. <\/span><\/p>\n\n\n\n<figure class=\"wp-block-gallery has-nested-images columns-default is-cropped wp-block-gallery-3 is-layout-flex wp-block-gallery-is-layout-flex\">\n<figure class=\"wp-block-image size-large\"><img decoding=\"async\" data-id=\"3962\" src=\"https:\/\/gepomay.fr\/wp-content\/uploads\/2023\/05\/Yannick-Stephan-4-1024x683.jpg\" alt=\"\" class=\"wp-image-3962\"\/><figcaption>\u00a9 Yannick Stephan<\/figcaption><\/figure>\n\n\n\n<figure class=\"wp-block-image size-large\"><img decoding=\"async\" data-id=\"3960\" src=\"https:\/\/gepomay.fr\/wp-content\/uploads\/2023\/05\/Yannick-Stephan-8-01-1024x683.jpeg\" alt=\"\" class=\"wp-image-3960\"\/><figcaption>\u00a9 Yannick Stephan<\/figcaption><\/figure>\n<\/figure>\n\n\n\n<pre class=\"wp-block-preformatted\">Oiseaux.net\nLes Oiseaux de Mayotte, Michel Cl\u00e9ment, Philippe de Grissac, Robin Rolland<\/pre>\n\n\n","protected":false},"excerpt":{"rendered":"<p>La Tourterelle peinte est \u00e9galement connue sous le nom du Pigeon de Madagascar&nbsp;: indig\u00e8ne des \u00eeles de l\u2019Oc\u00e9an Indien, de Madagascar aux Seychelles, Amirantes, \u00eeles \u00e9parses et Comores\u2026 Cette esp\u00e8ce est naturellement divis\u00e9e en plusieurs sous-esp\u00e8ces et sa classification est donc assez compliqu\u00e9e. \u00c0 Mayotte, on l\u2019appelle la Tourterelle peinte et elle correspond \u00e0 la &hellip; <\/p>\n<p class=\"link-more\"><a href=\"https:\/\/gepomay.fr\/index.php\/2023\/05\/12\/loiseau-du-mois-la-tourterelle-peinte\/\" class=\"more-link\">Lire la suite de<span class=\"screen-reader-text\">\u00ab\u00a0L&rsquo;oiseau du mois : la Tourterelle peinte\u00a0\u00bb<\/span><\/a><\/p>\n","protected":false},"author":1,"featured_media":0,"comment_status":"closed","ping_status":"open","sticky":false,"template":"","format":"standard","meta":{"footnotes":""},"categories":[2],"tags":[],"_links":{"self":[{"href":"https:\/\/gepomay.fr\/index.php\/wp-json\/wp\/v2\/posts\/3954"}],"collection":[{"href":"https:\/\/gepomay.fr\/index.php\/wp-json\/wp\/v2\/posts"}],"about":[{"href":"https:\/\/gepomay.fr\/index.php\/wp-json\/wp\/v2\/types\/post"}],"author":[{"embeddable":true,"href":"https:\/\/gepomay.fr\/index.php\/wp-json\/wp\/v2\/users\/1"}],"replies":[{"embeddable":true,"href":"https:\/\/gepomay.fr\/index.php\/wp-json\/wp\/v2\/comments?post=3954"}],"version-history":[{"count":6,"href":"https:\/\/gepomay.fr\/index.php\/wp-json\/wp\/v2\/posts\/3954\/revisions"}],"predecessor-version":[{"id":3965,"href":"https:\/\/gepomay.fr\/index.php\/wp-json\/wp\/v2\/posts\/3954\/revisions\/3965"}],"wp:attachment":[{"href":"https:\/\/gepomay.fr\/index.php\/wp-json\/wp\/v2\/media?parent=3954"}],"wp:term":[{"taxonomy":"category","embeddable":true,"href":"https:\/\/gepomay.fr\/index.php\/wp-json\/wp\/v2\/categories?post=3954"},{"taxonomy":"post_tag","embeddable":true,"href":"https:\/\/gepomay.fr\/index.php\/wp-json\/wp\/v2\/tags?post=3954"}],"curies":[{"name":"wp","href":"https:\/\/api.w.org\/{rel}","templated":true}]}}