{"id":3404,"date":"2022-09-01T14:43:39","date_gmt":"2022-09-01T11:43:39","guid":{"rendered":"https:\/\/gepomay.fr\/?p=3404"},"modified":"2023-04-18T12:20:26","modified_gmt":"2023-04-18T09:20:26","slug":"echo-du-festival-exposition-urbaine-improvisee","status":"publish","type":"post","link":"https:\/\/gepomay.fr\/index.php\/2022\/09\/01\/echo-du-festival-exposition-urbaine-improvisee\/","title":{"rendered":"\u00c9cho du festival : exposition urbaine improvis\u00e9e"},"content":{"rendered":"\n<blockquote class=\"wp-block-quote\"><p>\u00ab&nbsp;Bonjour, ma fille souhaiterait vous envoyer un petit message&nbsp;\u00bb<\/p><cite>Quelques jours apr\u00e8s le festival en faveur du Crabier blanc, la m\u00e8re de Ma\u00eblinh nous contactait.<\/cite><\/blockquote>\n\n\n\n<p><\/p>\n\n\n\n<p><\/p>\n\n\n\n<p>Ma\u00eblinh, 8 ans a \u00e9t\u00e9 marqu\u00e9e par les animations du GEPOMAY durant le festival et nous envoie les photos d\u2019une petite exposition r\u00e9alis\u00e9e par ses soins, dans sa rue et sur le Crabier blanc&nbsp;!<strong> <span style=\"color:#0693e3\" class=\"tadv-color\">\u00ab&nbsp;Apr\u00e8s le festival, je voulais parler d\u2019une esp\u00e8ce en voie de disparition. Au d\u00e9but j\u2019ai pens\u00e9 faire un livret avec les diff\u00e9rents supports offerts par le GEPOMAY mais finalement j\u2019ai mont\u00e9 une exposition avec mes copains et ma petite s\u0153ur&nbsp;.\u00bb<\/span> <\/strong>Certains s\u2019occupent d\u2019accrocher des photos et des descriptions sur le mur de la maison, des passants s\u2019arr\u00eatent et Ma\u00eblinh pr\u00e9sente le h\u00e9ron.<\/p>\n\n\n\n<figure class=\"wp-block-gallery has-nested-images columns-default is-cropped wp-block-gallery-1 is-layout-flex wp-block-gallery-is-layout-flex\">\n<figure class=\"wp-block-image size-large\"><img fetchpriority=\"high\" decoding=\"async\" width=\"373\" height=\"280\" data-id=\"3408\" src=\"https:\/\/gepomay.fr\/wp-content\/uploads\/2022\/09\/297753193_3267401313538206_6737277951520654107_n.jpg\" alt=\"\" class=\"wp-image-3408\" srcset=\"https:\/\/gepomay.fr\/wp-content\/uploads\/2022\/09\/297753193_3267401313538206_6737277951520654107_n.jpg 373w, https:\/\/gepomay.fr\/wp-content\/uploads\/2022\/09\/297753193_3267401313538206_6737277951520654107_n-300x225.jpg 300w\" sizes=\"(max-width: 373px) 100vw, 373px\" \/><\/figure>\n\n\n\n<figure class=\"wp-block-image size-large\"><img decoding=\"async\" width=\"373\" height=\"280\" data-id=\"3407\" src=\"https:\/\/gepomay.fr\/wp-content\/uploads\/2022\/09\/299118630_835860507793047_3518308775682830873_n-1.jpg\" alt=\"\" class=\"wp-image-3407\" srcset=\"https:\/\/gepomay.fr\/wp-content\/uploads\/2022\/09\/299118630_835860507793047_3518308775682830873_n-1.jpg 373w, https:\/\/gepomay.fr\/wp-content\/uploads\/2022\/09\/299118630_835860507793047_3518308775682830873_n-1-300x225.jpg 300w\" sizes=\"(max-width: 373px) 100vw, 373px\" \/><\/figure>\n\n\n\n<figure class=\"wp-block-image size-large\"><img decoding=\"async\" width=\"280\" height=\"373\" data-id=\"3409\" src=\"https:\/\/gepomay.fr\/wp-content\/uploads\/2022\/09\/299810734_582363280234859_8520002393333377728_n-1.jpg\" alt=\"\" class=\"wp-image-3409\" srcset=\"https:\/\/gepomay.fr\/wp-content\/uploads\/2022\/09\/299810734_582363280234859_8520002393333377728_n-1.jpg 280w, https:\/\/gepomay.fr\/wp-content\/uploads\/2022\/09\/299810734_582363280234859_8520002393333377728_n-1-225x300.jpg 225w\" sizes=\"(max-width: 280px) 100vw, 280px\" \/><\/figure>\n<\/figure>\n\n\n\n<p>Ses parents nous expliquent :<span style=\"color:#0693e3\" class=\"tadv-color\">&nbsp;<strong>\u00ab&nbsp;Il y a 6 mois, Ma\u00eblinh \u00e9tait une enfant r\u00e9serv\u00e9e et plut\u00f4t timide, elle n\u2019aurait jamais fait \u00e7a&nbsp;!&nbsp;Pour \u00eatre honn\u00eates, nous sommes venus au festival par simple curiosit\u00e9, nous n\u2019\u00e9tions pas forc\u00e9ment branch\u00e9s oiseaux, d\u2019ailleurs je ne savais m\u00eame pas que le Crabier blanc \u00e9tait un oiseau. Finalement c\u2019\u00e9tait une belle surprise&nbsp;: nous avons profit\u00e9 des concerts et nos enfants ont fait tous les stands d\u2019animation&nbsp;\u00bb<\/strong><\/span>.<\/p>\n\n\n\n<p>L\u2019\u00e9quipe du GEPOMAY est tr\u00e8s \u00e9mue par ce bel \u00e9cho du festival en faveur du Crabier blanc&nbsp;: ce seul r\u00e9sultat nous permet de consid\u00e9rer notre action comme une r\u00e9ussite&nbsp;! Ma\u00eblinh et sa famille sont invit\u00e9es \u00e0 participer \u00e0 une sortie d\u2019observation. Les enfants pourront voir le Crabier blanc \u00ab&nbsp;en vrai&nbsp;\u00bb et d\u00e9couvrir les autres oiseaux de Mayotte \u00e0 travers les jumelles et la longue-vue. <\/p>\n\n\n\n<pre class=\"wp-block-verse\">Ma\u00eblinh l\u2019admet, elle aimerait bien pouvoir parler des autres oiseaux aussi.<\/pre>\n\n\n","protected":false},"excerpt":{"rendered":"<p>\u00ab&nbsp;Bonjour, ma fille souhaiterait vous envoyer un petit message&nbsp;\u00bb Quelques jours apr\u00e8s le festival en faveur du Crabier blanc, la m\u00e8re de Ma\u00eblinh nous contactait. Ma\u00eblinh, 8 ans a \u00e9t\u00e9 marqu\u00e9e par les animations du GEPOMAY durant le festival et nous envoie les photos d\u2019une petite exposition r\u00e9alis\u00e9e par ses soins, dans sa rue et &hellip; <\/p>\n<p class=\"link-more\"><a href=\"https:\/\/gepomay.fr\/index.php\/2022\/09\/01\/echo-du-festival-exposition-urbaine-improvisee\/\" class=\"more-link\">Lire la suite de<span class=\"screen-reader-text\">\u00ab\u00a0\u00c9cho du festival : exposition urbaine improvis\u00e9e\u00a0\u00bb<\/span><\/a><\/p>\n","protected":false},"author":1,"featured_media":0,"comment_status":"closed","ping_status":"open","sticky":false,"template":"","format":"standard","meta":{"footnotes":""},"categories":[2],"tags":[],"_links":{"self":[{"href":"https:\/\/gepomay.fr\/index.php\/wp-json\/wp\/v2\/posts\/3404"}],"collection":[{"href":"https:\/\/gepomay.fr\/index.php\/wp-json\/wp\/v2\/posts"}],"about":[{"href":"https:\/\/gepomay.fr\/index.php\/wp-json\/wp\/v2\/types\/post"}],"author":[{"embeddable":true,"href":"https:\/\/gepomay.fr\/index.php\/wp-json\/wp\/v2\/users\/1"}],"replies":[{"embeddable":true,"href":"https:\/\/gepomay.fr\/index.php\/wp-json\/wp\/v2\/comments?post=3404"}],"version-history":[{"count":4,"href":"https:\/\/gepomay.fr\/index.php\/wp-json\/wp\/v2\/posts\/3404\/revisions"}],"predecessor-version":[{"id":3814,"href":"https:\/\/gepomay.fr\/index.php\/wp-json\/wp\/v2\/posts\/3404\/revisions\/3814"}],"wp:attachment":[{"href":"https:\/\/gepomay.fr\/index.php\/wp-json\/wp\/v2\/media?parent=3404"}],"wp:term":[{"taxonomy":"category","embeddable":true,"href":"https:\/\/gepomay.fr\/index.php\/wp-json\/wp\/v2\/categories?post=3404"},{"taxonomy":"post_tag","embeddable":true,"href":"https:\/\/gepomay.fr\/index.php\/wp-json\/wp\/v2\/tags?post=3404"}],"curies":[{"name":"wp","href":"https:\/\/api.w.org\/{rel}","templated":true}]}}