{"id":3365,"date":"2022-08-26T15:52:00","date_gmt":"2022-08-26T12:52:00","guid":{"rendered":"https:\/\/gepomay.fr\/?p=3365"},"modified":"2023-04-18T12:21:32","modified_gmt":"2023-04-18T09:21:32","slug":"premiere-edition-du-festival-en-faveur-des-especes-menacees-de-mayotte-ledition-crabier-blanc","status":"publish","type":"post","link":"https:\/\/gepomay.fr\/index.php\/2022\/08\/26\/premiere-edition-du-festival-en-faveur-des-especes-menacees-de-mayotte-ledition-crabier-blanc\/","title":{"rendered":"Premi\u00e8re \u00e9dition du Festival en faveur des esp\u00e8ces menac\u00e9es de Mayotte\u00a0: l\u2019\u00e9dition Crabier blanc\u00a0!"},"content":{"rendered":"\n<h2><span style=\"color: #0000ff;\">Retours<\/span> <span style=\"color: #0000ff;\">sur le festival en faveur du Crabier blanc<\/span><\/h2>\n<p>Vous nous avez surement entendu en parler, le GEPOMAY a organis\u00e9 cette ann\u00e9e le festival en faveur du Crabier blanc, l\u2019oiseau le plus menac\u00e9 de Mayotte. Concerts, tombola, animations, restauration, partenariats, nous avons fait notre maximum pour vous proposer un \u00e9v\u00e9nement convivial et ouvert \u00e0 tou\u00b7te\u00b7s\u2026 Et ce f\u00fbt une r\u00e9ussite, \u00e0 en juger par les retours et la pr\u00e9sence de 500 participants !<\/p>\n\n\n\n<figure class=\"wp-block-image size-large\"><img decoding=\"async\" src=\"https:\/\/gepomay.fr\/wp-content\/uploads\/2022\/08\/IMG20220813111033-1024x768.jpg\" alt=\"\" class=\"wp-image-3366\"\/><\/figure>\n\n\n\n<p><\/p>\n\n\n\n<p><\/p>\n\n\n\n<p>Le samedi 13 ao\u00fbt 2022 &#8211; gr\u00e2ce au soutien financier de la <strong>DEAL<\/strong> dans le cadre du Plan National d\u2019Actions en faveur du Crabier blanc et de la <strong>DAC<\/strong> de Mayotte dans le cadre de l\u2019\u00e9t\u00e9 culturel 2022 \u2013 le GEPOMAY invitait ses partenaires environnementaux \u0153uvrant pour la protection d\u2019une esp\u00e8ce menac\u00e9e \u00e0 se r\u00e9unir pour sensibiliser les habitant\u00b7e\u00b7s de Mayotte \u00e0 la protection de la biodiversit\u00e9. Aux c\u00f4t\u00e9s du GEPOMAY ont r\u00e9pondu pr\u00e9sents&nbsp;:<\/p>\n\n\n\n<div class=\"wp-block-media-text alignwide is-stacked-on-mobile\"><figure class=\"wp-block-media-text__media\"><img decoding=\"async\" src=\"https:\/\/gepomay.fr\/wp-content\/uploads\/2022\/08\/IMG20220813124457b-1024x793.jpg\" alt=\"\" class=\"wp-image-3367 size-full\"\/><\/figure><div class=\"wp-block-media-text__content\">\n<ul><li>les <strong>Naturalistes de Mayotte <\/strong>pour leurs travaux sur les tortues marines et le dugong,<\/li><li>l\u2019association <strong>Oulanga Na Nyamba<\/strong> pour ses actions en faveur des tortues marines,<\/li><li>le <strong>Conservatoire Botanique National du Mascarin <\/strong>pour pr\u00e9senter la flore end\u00e9mique et menac\u00e9e sur l\u2019\u00eele,<\/li><li>et la <strong>F\u00e9d\u00e9ration Mahoraise des Associations Environnementales<\/strong> pour mettre en valeur l\u2019abeille sauvage.&nbsp;<\/li><\/ul>\n<\/div><\/div>\n\n\n\n<p>&nbsp;<\/p>\n<p>L\u2019entr\u00e9e \u00e9tait gratuite au public entre 9h et 18h&nbsp;sur le site du M\u2019haju \u00e0 Bandr\u00e9l\u00e9. Gr\u00e2ce aux rallye, jeux d\u2019identification ou d\u2019aventure, expositions, \u00e9nigmes, supports p\u00e9dagogiques, chacun\u00b7e pouvait d\u00e9couvrir ou red\u00e9couvrir les esp\u00e8ces menac\u00e9es de Mayotte sous son format pr\u00e9f\u00e9r\u00e9. Le GEPOMAY a \u00e9galement propos\u00e9 une r\u00e9union publique organis\u00e9e dans le cadre du projet europ\u00e9en Life BIODIV\u2019OM&nbsp;: <em>Pourquoi et comment prot\u00e9ger une esp\u00e8ce menac\u00e9e&nbsp;? L\u2019exemple du Crabier blanc<\/em>. En effet, si une grande partie des esp\u00e8ces menac\u00e9es de Mayotte \u00e9tait mise en valeur, le focus de cette premi\u00e8re \u00e9dition \u00e9tait le petit prot\u00e9g\u00e9 du GEPOMAY&nbsp;: le h\u00e9ron Crabier blanc. L\u2019objectif de notre association&nbsp;: chaque participant devait repartir en sachant reconna\u00eetre les deux plumages de cet oiseau.<\/p>\n\n\n\n<figure class=\"wp-block-gallery has-nested-images columns-default is-cropped wp-block-gallery-1 is-layout-flex wp-block-gallery-is-layout-flex\">\n<figure class=\"wp-block-image size-large\"><img fetchpriority=\"high\" decoding=\"async\" width=\"724\" height=\"1024\" data-id=\"3368\" src=\"https:\/\/gepomay.fr\/wp-content\/uploads\/2022\/08\/Affiche_Festival2022-PNG-724x1024.png\" alt=\"\" class=\"wp-image-3368\" srcset=\"https:\/\/gepomay.fr\/wp-content\/uploads\/2022\/08\/Affiche_Festival2022-PNG-724x1024.png 724w, https:\/\/gepomay.fr\/wp-content\/uploads\/2022\/08\/Affiche_Festival2022-PNG-212x300.png 212w, https:\/\/gepomay.fr\/wp-content\/uploads\/2022\/08\/Affiche_Festival2022-PNG-768x1086.png 768w, https:\/\/gepomay.fr\/wp-content\/uploads\/2022\/08\/Affiche_Festival2022-PNG-1086x1536.png 1086w, https:\/\/gepomay.fr\/wp-content\/uploads\/2022\/08\/Affiche_Festival2022-PNG-1448x2048.png 1448w, https:\/\/gepomay.fr\/wp-content\/uploads\/2022\/08\/Affiche_Festival2022-PNG.png 1587w\" sizes=\"(max-width: 724px) 100vw, 724px\" \/><\/figure>\n\n\n\n<figure class=\"wp-block-image size-large\"><img decoding=\"async\" width=\"724\" height=\"1024\" data-id=\"3369\" src=\"https:\/\/gepomay.fr\/wp-content\/uploads\/2022\/08\/Programme_Festival-724x1024.png\" alt=\"\" class=\"wp-image-3369\" srcset=\"https:\/\/gepomay.fr\/wp-content\/uploads\/2022\/08\/Programme_Festival-724x1024.png 724w, https:\/\/gepomay.fr\/wp-content\/uploads\/2022\/08\/Programme_Festival-212x300.png 212w, https:\/\/gepomay.fr\/wp-content\/uploads\/2022\/08\/Programme_Festival-768x1086.png 768w, https:\/\/gepomay.fr\/wp-content\/uploads\/2022\/08\/Programme_Festival-1086x1536.png 1086w, https:\/\/gepomay.fr\/wp-content\/uploads\/2022\/08\/Programme_Festival-1448x2048.png 1448w, https:\/\/gepomay.fr\/wp-content\/uploads\/2022\/08\/Programme_Festival.png 1587w\" sizes=\"(max-width: 724px) 100vw, 724px\" \/><\/figure>\n<\/figure>\n\n\n\n<p>Plusieurs t\u00eates d\u2019affiche et pas des moindres ont souhait\u00e9 jouer le jeu cette ann\u00e9e et sont venues chanter pour la biodiversit\u00e9&nbsp;:<\/p>\n\n\n\n<ul><li>Ba\u00efna a fait monter l\u2019ambiance matinale autour des percussions et du gaboussi&nbsp;;<\/li><li>Hadj MC et Ota ont propos\u00e9 un duo rythmique engag\u00e9&nbsp;;<\/li><li>Sourette a enflamm\u00e9 les c\u0153urs&nbsp;;<\/li><li>Bodo a fait trembler Musicale Plage.<\/li><\/ul>\n\n\n\n<p><\/p>\n\n\n\n<figure class=\"wp-block-embed is-type-video is-provider-youtube wp-block-embed-youtube wp-embed-aspect-16-9 wp-has-aspect-ratio\"><div class=\"wp-block-embed__wrapper\">\n<iframe title=\"Les concerts du Festival en faveur du Crabier blanc et autres esp\u00e8ces menac\u00e9es\" width=\"950\" height=\"534\" src=\"https:\/\/www.youtube.com\/embed\/mip3_fmOOJU?feature=oembed\" frameborder=\"0\" allow=\"accelerometer; autoplay; clipboard-write; encrypted-media; gyroscope; picture-in-picture; web-share\" referrerpolicy=\"strict-origin-when-cross-origin\" allowfullscreen><\/iframe>\n<\/div><\/figure>\n\n\n\n<p><\/p>\n\n\n\n<p>Enfin, le comit\u00e9 Miss Excellence Mayotte et les huit candidates 2022 ont \u00e9galement souhait\u00e9 en apprendre davantage sur la protection de la biodiversit\u00e9. Apr\u00e8s une introduction \u00e0 l\u2019ornithologie avec le GEPOMAY au lac Karihani, le comit\u00e9 est venu nous rendre visite au festival et les candidates ont manifest\u00e9 leur int\u00e9r\u00eat pour la sensibilisation environnementale.<\/p>\n\n\n\n<h3 class=\"wp-block-heading\"><span style=\"color:#0693e3\" class=\"tadv-color\">Des d\u00e9couvertes, des rencontres, des cadeaux, de la musique, bref&nbsp;: on recommence quand&nbsp;?<\/span><\/h3>\n\n\n\n<p>L\u2019association GEPOMAY souhaite p\u00e9renniser l\u2019\u00e9v\u00e9nement pour mettre en lumi\u00e8re une esp\u00e8ce menac\u00e9e diff\u00e9rente lors de chaque \u00e9dition du Festival en faveur des esp\u00e8ces menac\u00e9es de Mayotte. Nous souhaitons remercier toutes les personnes qui nous ont fait confiance, qui nous ont accompagn\u00e9 et qui se sont port\u00e9es volontaires pour cette premi\u00e8re \u00e9dition. L\u2019\u00e9dition du Crabier blanc restera dans nos m\u00e9moires et nous sommes pr\u00eats \u00e0 nous am\u00e9liorer pour les ann\u00e9es suivantes.<\/p>\n\n\n\n<figure class=\"wp-block-gallery has-nested-images columns-default is-cropped wp-block-gallery-3 is-layout-flex wp-block-gallery-is-layout-flex\">\n<figure class=\"wp-block-image size-large\"><img decoding=\"async\" data-id=\"3376\" src=\"https:\/\/gepomay.fr\/wp-content\/uploads\/2022\/08\/IMG20220813095218-1024x768.jpg\" alt=\"\" class=\"wp-image-3376\"\/><\/figure>\n\n\n\n<figure class=\"wp-block-image size-large\"><img decoding=\"async\" data-id=\"3374\" src=\"https:\/\/gepomay.fr\/wp-content\/uploads\/2022\/08\/IMG20220813103544-1024x768.jpg\" alt=\"\" class=\"wp-image-3374\"\/><\/figure>\n\n\n\n<figure class=\"wp-block-image size-large\"><img decoding=\"async\" width=\"1024\" height=\"766\" data-id=\"3370\" src=\"https:\/\/gepomay.fr\/wp-content\/uploads\/2022\/08\/IMG-20220813-WA0009-1024x766.jpg\" alt=\"\" class=\"wp-image-3370\" srcset=\"https:\/\/gepomay.fr\/wp-content\/uploads\/2022\/08\/IMG-20220813-WA0009-1024x766.jpg 1024w, https:\/\/gepomay.fr\/wp-content\/uploads\/2022\/08\/IMG-20220813-WA0009-300x225.jpg 300w, https:\/\/gepomay.fr\/wp-content\/uploads\/2022\/08\/IMG-20220813-WA0009.jpg 1280w\" sizes=\"(max-width: 1024px) 100vw, 1024px\" \/><\/figure>\n\n\n\n<figure class=\"wp-block-image size-large\"><img loading=\"lazy\" decoding=\"async\" width=\"1024\" height=\"768\" data-id=\"3371\" src=\"https:\/\/gepomay.fr\/wp-content\/uploads\/2022\/08\/IMG-20220814-WA0002-1024x768.jpg\" alt=\"\" class=\"wp-image-3371\" srcset=\"https:\/\/gepomay.fr\/wp-content\/uploads\/2022\/08\/IMG-20220814-WA0002-1024x768.jpg 1024w, https:\/\/gepomay.fr\/wp-content\/uploads\/2022\/08\/IMG-20220814-WA0002-300x225.jpg 300w, https:\/\/gepomay.fr\/wp-content\/uploads\/2022\/08\/IMG-20220814-WA0002.jpg 1600w\" sizes=\"(max-width: 1024px) 100vw, 1024px\" \/><\/figure>\n\n\n\n<figure class=\"wp-block-image size-large\"><img decoding=\"async\" data-id=\"3375\" src=\"https:\/\/gepomay.fr\/wp-content\/uploads\/2022\/08\/IMG20220813120739-1024x768.jpg\" alt=\"\" class=\"wp-image-3375\"\/><\/figure>\n\n\n\n<figure class=\"wp-block-image size-large\"><img decoding=\"async\" data-id=\"3377\" src=\"https:\/\/gepomay.fr\/wp-content\/uploads\/2022\/08\/IMG20220813124512-1024x768.jpg\" alt=\"\" class=\"wp-image-3377\"\/><\/figure>\n\n\n\n<figure class=\"wp-block-image size-large\"><img decoding=\"async\" data-id=\"3380\" src=\"https:\/\/gepomay.fr\/wp-content\/uploads\/2022\/08\/IMG20220813143650-1024x768.jpg\" alt=\"\" class=\"wp-image-3380\"\/><\/figure>\n\n\n\n<figure class=\"wp-block-image size-large\"><img loading=\"lazy\" decoding=\"async\" width=\"1024\" height=\"768\" data-id=\"3372\" src=\"https:\/\/gepomay.fr\/wp-content\/uploads\/2022\/08\/IMG20220813152941-01-1024x768.jpeg\" alt=\"\" class=\"wp-image-3372\" srcset=\"https:\/\/gepomay.fr\/wp-content\/uploads\/2022\/08\/IMG20220813152941-01-1024x768.jpeg 1024w, https:\/\/gepomay.fr\/wp-content\/uploads\/2022\/08\/IMG20220813152941-01-300x225.jpeg 300w, https:\/\/gepomay.fr\/wp-content\/uploads\/2022\/08\/IMG20220813152941-01-2000x1499.jpeg 2000w\" sizes=\"(max-width: 1024px) 100vw, 1024px\" \/><\/figure>\n\n\n\n<figure class=\"wp-block-image size-large\"><img decoding=\"async\" data-id=\"3381\" src=\"https:\/\/gepomay.fr\/wp-content\/uploads\/2022\/08\/IMG20220813162857-1024x768.jpg\" alt=\"\" class=\"wp-image-3381\"\/><\/figure>\n<\/figure>\n\n\n","protected":false},"excerpt":{"rendered":"<p>Retours sur le festival en faveur du Crabier blanc Vous nous avez surement entendu en parler, le GEPOMAY a organis\u00e9 cette ann\u00e9e le festival en faveur du Crabier blanc, l\u2019oiseau le plus menac\u00e9 de Mayotte. Concerts, tombola, animations, restauration, partenariats, nous avons fait notre maximum pour vous proposer un \u00e9v\u00e9nement convivial et ouvert \u00e0 tou\u00b7te\u00b7s\u2026 &hellip; <\/p>\n<p class=\"link-more\"><a href=\"https:\/\/gepomay.fr\/index.php\/2022\/08\/26\/premiere-edition-du-festival-en-faveur-des-especes-menacees-de-mayotte-ledition-crabier-blanc\/\" class=\"more-link\">Lire la suite de<span class=\"screen-reader-text\">\u00ab\u00a0Premi\u00e8re \u00e9dition du Festival en faveur des esp\u00e8ces menac\u00e9es de Mayotte\u00a0: l\u2019\u00e9dition Crabier blanc\u00a0!\u00a0\u00bb<\/span><\/a><\/p>\n","protected":false},"author":1,"featured_media":0,"comment_status":"closed","ping_status":"open","sticky":false,"template":"","format":"standard","meta":{"footnotes":""},"categories":[2],"tags":[],"_links":{"self":[{"href":"https:\/\/gepomay.fr\/index.php\/wp-json\/wp\/v2\/posts\/3365"}],"collection":[{"href":"https:\/\/gepomay.fr\/index.php\/wp-json\/wp\/v2\/posts"}],"about":[{"href":"https:\/\/gepomay.fr\/index.php\/wp-json\/wp\/v2\/types\/post"}],"author":[{"embeddable":true,"href":"https:\/\/gepomay.fr\/index.php\/wp-json\/wp\/v2\/users\/1"}],"replies":[{"embeddable":true,"href":"https:\/\/gepomay.fr\/index.php\/wp-json\/wp\/v2\/comments?post=3365"}],"version-history":[{"count":6,"href":"https:\/\/gepomay.fr\/index.php\/wp-json\/wp\/v2\/posts\/3365\/revisions"}],"predecessor-version":[{"id":3826,"href":"https:\/\/gepomay.fr\/index.php\/wp-json\/wp\/v2\/posts\/3365\/revisions\/3826"}],"wp:attachment":[{"href":"https:\/\/gepomay.fr\/index.php\/wp-json\/wp\/v2\/media?parent=3365"}],"wp:term":[{"taxonomy":"category","embeddable":true,"href":"https:\/\/gepomay.fr\/index.php\/wp-json\/wp\/v2\/categories?post=3365"},{"taxonomy":"post_tag","embeddable":true,"href":"https:\/\/gepomay.fr\/index.php\/wp-json\/wp\/v2\/tags?post=3365"}],"curies":[{"name":"wp","href":"https:\/\/api.w.org\/{rel}","templated":true}]}}