{"id":3269,"date":"2022-06-23T13:48:11","date_gmt":"2022-06-23T10:48:11","guid":{"rendered":"https:\/\/gepomay.fr\/?p=3269"},"modified":"2022-06-23T15:44:59","modified_gmt":"2022-06-23T12:44:59","slug":"inauguration-de-lobservatoire-du-college-de-kwale","status":"publish","type":"post","link":"https:\/\/gepomay.fr\/index.php\/2022\/06\/23\/inauguration-de-lobservatoire-du-college-de-kwale\/","title":{"rendered":"Inauguration de l\u2019observatoire du coll\u00e8ge de Kwal\u00e9"},"content":{"rendered":"\n<p><em>Dans le cadre du pr\u00e9c\u00e9dent partenariat entre le GEPOMAY et le rectorat, un observatoire \u00e0 oiseaux a \u00e9t\u00e9 construit par des \u00e9tudiants dans le coll\u00e8ge de Kwal\u00e9. Nous l\u2019avons inaugur\u00e9 ce lundi 20 juin 2022, un Crabier blanc \u00e9tait m\u00eame au rendez-vous&nbsp;!&nbsp;<\/em><\/p>\n\n\n\n<figure class=\"wp-block-image size-large\"><img decoding=\"async\" src=\"https:\/\/gepomay.fr\/wp-content\/uploads\/2022\/06\/GEP7069-1024x683.jpg\" alt=\"\" class=\"wp-image-3270\"\/><figcaption>Accompagn\u00e9 de M. Lazard- Peillon, principal du coll\u00e8ge, le directeur des SEGPA, M. Marville f\u00e9licite ses \u00e9l\u00e8ves pour le travail accompli.<\/figcaption><\/figure>\n\n\n\n<p>Le GEPOMAY s\u2019est rendu ce lundi 20 juin au coll\u00e8ge de Kwal\u00e9 pour rencontrer les \u00e9l\u00e8ves et les professeurs \u00e0 l\u2019origine de la construction d\u2019un tout nouvel observatoire \u00e0 oiseaux. Avec fiert\u00e9, les \u00e9tudiants en 3eme SEGPA option <em>habitats<\/em> expliquent les \u00e9tapes de leur travail\u00a0: mesures, d\u00e9coupes, assemblages, tout doit \u00eatre minutieux. Leur vocabulaire est pr\u00e9cis, chacun conna\u00eet les d\u00e9tails de cet am\u00e9nagement.<\/p>\n\n\n\n<figure class=\"wp-block-pullquote\"><blockquote><p>\u00ab\u00a0Au d\u00e9but, je n\u2019avais pas vraiment le courage mais finalement j\u2019ai appris beaucoup de choses\u00a0! Malheureusement je vais au lyc\u00e9e l\u2019ann\u00e9e prochaine donc je ne pourrai pas venir souvent dans notre observatoire. J\u2019aime la nature et les oiseaux blancs, je les trouve beaux.\u00a0\u00bb Anchati nous pointe son oiseau pr\u00e9f\u00e9r\u00e9, c\u2019est un H\u00e9ron garde-b\u0153ufs.<\/p><cite>Anchati Ahamada<\/cite><\/blockquote><\/figure>\n\n\n\n<div class=\"wp-block-group is-layout-flow wp-block-group-is-layout-flow\">\n<h2>Un projet suivi par les \u00e9l\u00e8ves depuis 4 ans<\/h2>\n<p><img fetchpriority=\"high\" decoding=\"async\" class=\" wp-image-3273 alignleft\" src=\"https:\/\/gepomay.fr\/wp-content\/uploads\/2022\/06\/GEP7059-1-300x200.jpg\" alt=\"\" width=\"435\" height=\"290\" \/>Le partenariat entre le GEPOMAY et le coll\u00e8ge de Kwal\u00e9 a \u00e9t\u00e9 mis en place dans le cadre de mesures compensatoires. En effet, le coll\u00e8ge \u00e9tant construit sur une zone humide, le rectorat a d\u00fb financer un programme de sensibilisation sur l\u2019importance de ces milieux \u00e9cologiques. Depuis la 6<sup>\u00e8me<\/sup>, les \u00e9l\u00e8ves concern\u00e9s ont donc particip\u00e9 \u00e0 plusieurs sorties avec le GEPOMAY, ils ont assist\u00e9 \u00e0 des animations en classe et ont cr\u00e9\u00e9 des ateliers de sensibilisation pour leurs camarades. La construction de l\u2019observatoire a \u00e9t\u00e9 entam\u00e9e l\u2019ann\u00e9e derni\u00e8re avec les plans et la base de l\u2019\u00e9quipement. Apr\u00e8s avoir \u00e9tudi\u00e9 les zones humides et les oiseaux pendant quatre ans, ils terminent leur beau projet cette ann\u00e9e, en tant qu\u2019\u00e9l\u00e8ves de 3<sup>\u00e8me<\/sup>.<\/p>\n<\/div>\n\n\n\n<figure class=\"wp-block-pullquote\"><blockquote><p>\u00ab\u00a0J\u2019avais d\u00e9j\u00e0 vu l\u2019observatoire construit au lac Karihani avec le GEPOMAY, nous avions fait des observations avec des jumelles. Je suis content d\u2019avoir fait la m\u00eame chose dans mon coll\u00e8ge, \u00e7a nous a pris toute l\u2019ann\u00e9e scolaire\u00a0! D\u2019ici on voit des oiseaux, des chiens et des z\u00e9bus. Quand ma grand-m\u00e8re viendra au coll\u00e8ge, j\u2019aimerais lui montrer notre travail.\u00a0\u00bb<\/p><cite>Hachim Allaoui\u00a0<\/cite><\/blockquote><\/figure>\n\n\n\n\n\n<figure class=\"wp-block-image size-large is-resized\"><img decoding=\"async\" src=\"https:\/\/gepomay.fr\/wp-content\/uploads\/2022\/06\/GEP7090-683x1024.jpg\" alt=\"\" class=\"wp-image-3276\" width=\"490\" height=\"735\"\/><figcaption>Le directeur du GEPOMAY et le directeur des SEGPA inaugurent l&rsquo;observatoire du coll\u00e8ge de Kwal\u00e9<\/figcaption><\/figure>\n\n\n\n<h2>Un am\u00e9nagement pour tous les membres du coll\u00e8ge<\/h2>\n<p>Le professeur en charge des travaux nous explique que d\u00e9sormais cette installation est ouverte \u00e0 tous\u00a0:\u00a0\u00ab\u00a0Nous pourrions m\u00eame y installer des visuels explicatifs\u00a0\u00bb. L\u2019observatoire se situe \u00e0 l\u2019entr\u00e9e du coll\u00e8ge, au niveau du parking ferm\u00e9 et fait face \u00e0 une zone humide. Un Crabier blanc, l\u2019oiseau le plus menac\u00e9 de Mayotte, nous honore de sa visite\u00a0: il se perche juste en face et se laisse m\u00eame prendre en photo.<\/p>\n<p>Avec l\u2019installation d\u2019un ou plusieurs panneaux p\u00e9dagogiques, des animations autour de l\u2019observatoire sont pr\u00e9vues sur le long terme afin de sensibiliser les \u00e9l\u00e8ves \u00e0 l\u2019ornithologie et \u00e0 la protection de la biodiversit\u00e9. Le GEPOMAY tient \u00e0 remercier l\u2019ensemble du personnel du coll\u00e8ge ayant travaill\u00e9 de pr\u00e8s ou de loin sur ce projet. Leur pers\u00e9v\u00e9rance a \u00e9t\u00e9 la cl\u00e9 pour ce bel aboutissement qu\u2019est l\u2019observatoire du coll\u00e8ge de Kwal\u00e9.<\/p>\n\n\n\n<pre class=\"wp-block-preformatted\">R\u00e9daction : Mariane Harmand, GEPOMAY<\/pre>\n","protected":false},"excerpt":{"rendered":"<p>Dans le cadre du pr\u00e9c\u00e9dent partenariat entre le GEPOMAY et le rectorat, un observatoire \u00e0 oiseaux a \u00e9t\u00e9 construit par des \u00e9tudiants dans le coll\u00e8ge de Kwal\u00e9. Nous l\u2019avons inaugur\u00e9 ce lundi 20 juin 2022, un Crabier blanc \u00e9tait m\u00eame au rendez-vous&nbsp;!&nbsp; Le GEPOMAY s\u2019est rendu ce lundi 20 juin au coll\u00e8ge de Kwal\u00e9 pour &hellip; <\/p>\n<p class=\"link-more\"><a href=\"https:\/\/gepomay.fr\/index.php\/2022\/06\/23\/inauguration-de-lobservatoire-du-college-de-kwale\/\" class=\"more-link\">Lire la suite de<span class=\"screen-reader-text\">\u00ab\u00a0Inauguration de l\u2019observatoire du coll\u00e8ge de Kwal\u00e9\u00a0\u00bb<\/span><\/a><\/p>\n","protected":false},"author":1,"featured_media":0,"comment_status":"closed","ping_status":"open","sticky":false,"template":"","format":"standard","meta":{"footnotes":""},"categories":[2],"tags":[],"_links":{"self":[{"href":"https:\/\/gepomay.fr\/index.php\/wp-json\/wp\/v2\/posts\/3269"}],"collection":[{"href":"https:\/\/gepomay.fr\/index.php\/wp-json\/wp\/v2\/posts"}],"about":[{"href":"https:\/\/gepomay.fr\/index.php\/wp-json\/wp\/v2\/types\/post"}],"author":[{"embeddable":true,"href":"https:\/\/gepomay.fr\/index.php\/wp-json\/wp\/v2\/users\/1"}],"replies":[{"embeddable":true,"href":"https:\/\/gepomay.fr\/index.php\/wp-json\/wp\/v2\/comments?post=3269"}],"version-history":[{"count":7,"href":"https:\/\/gepomay.fr\/index.php\/wp-json\/wp\/v2\/posts\/3269\/revisions"}],"predecessor-version":[{"id":3335,"href":"https:\/\/gepomay.fr\/index.php\/wp-json\/wp\/v2\/posts\/3269\/revisions\/3335"}],"wp:attachment":[{"href":"https:\/\/gepomay.fr\/index.php\/wp-json\/wp\/v2\/media?parent=3269"}],"wp:term":[{"taxonomy":"category","embeddable":true,"href":"https:\/\/gepomay.fr\/index.php\/wp-json\/wp\/v2\/categories?post=3269"},{"taxonomy":"post_tag","embeddable":true,"href":"https:\/\/gepomay.fr\/index.php\/wp-json\/wp\/v2\/tags?post=3269"}],"curies":[{"name":"wp","href":"https:\/\/api.w.org\/{rel}","templated":true}]}}